{"id":3041,"date":"2025-05-28T18:14:33","date_gmt":"2025-05-28T16:14:33","guid":{"rendered":"https:\/\/www.silocompany.com\/silo-participates-in-the-first-project-with-amtega-for-the-definition-of-sectoral-digital-twins-in-galicia\/"},"modified":"2025-05-28T18:14:33","modified_gmt":"2025-05-28T16:14:33","slug":"silo-participates-in-the-first-project-with-amtega-for-the-definition-of-sectoral-digital-twins-in-galicia","status":"publish","type":"post","link":"https:\/\/www.silocompany.com\/en\/silo-participates-in-the-first-project-with-amtega-for-the-definition-of-sectoral-digital-twins-in-galicia\/","title":{"rendered":"SILO participates in the first project with AMTEGA for the definition of sectoral digital twins in Galicia"},"content":{"rendered":"<p><!--StartFragment --><\/p>\n<p>The joint venture formed by SILO and Cinfo has been awarded the technical assistance contract for the analysis of needs for the implementation of sectorial digital twins (industrial, agricultural and rural), promoted by the Agency for the Technological Modernization of Galicia (AMTEGA), in a project that will have the collaboration of the Laboratory of Territorial Studies of Galicia.<\/p>\n<p>The project is divided into four work packages for each twin. The first three, led by SILO, focus on the definition of sectoral digital twins, the analysis of available data sources and the proposal of new data sources, respectively, around a series of proposed use cases for each twin. The fourth, accompanying the deployment of the digital twins, will be led by Cinfo.<\/p>\n<p>The project is currently in the launching phase of the industrial sector digital twin, in which an initial diagnosis of the available data sources will be carried out. This analysis will allow the construction of the first three use cases that will be part of the industrial digital twin: a panel of socio-economic indicators, a map of industrial land, and a search engine for industrial plots.<\/p>\n<p>This contract, the first that SILO develops with AMTEGA, represents a strategic opportunity to strengthen ties and reinforce our positioning in one of the reference agencies in Galicia in the field of technology and innovation.<\/p>\n<p>The project is led by Katia P\u00e9rez, SILO&#8217;s regional director in Galicia, together with the ETI team, coordinated by Ana Bel\u00e9n Gonz\u00e1lez and consultants Fernando Ladr\u00f3n de Guevara and Ra\u00fal Molinos.<\/p>\n<p><!--EndFragment --><\/p>\n","protected":false},"excerpt":{"rendered":"<p>The joint venture formed by SILO and Cinfo has been awarded the technical assistance contract for the analysis of needs for the implementation of sectorial digital twins (industrial, agricultural and rural), promoted by the Agency for the Technological Modernization of Galicia (AMTEGA), in a project that will have the collaboration of the Laboratory of Territorial [&hellip;]<\/p>\n","protected":false},"author":1,"featured_media":2959,"comment_status":"closed","ping_status":"closed","sticky":false,"template":"","format":"standard","meta":{"footnotes":""},"categories":[38],"tags":[51,49],"class_list":["post-3041","post","type-post","status-publish","format-standard","has-post-thumbnail","hentry","category-actualidad-en","tag-castilla-la-mancha-en","tag-health"],"yoast_head":"<!-- This site is optimized with the Yoast SEO plugin v27.5 - https:\/\/yoast.com\/product\/yoast-seo-wordpress\/ -->\n<title>SILO participates in the first project with AMTEGA for the definition of sectoral digital twins in Galicia | Silo Company<\/title>\n<meta name=\"description\" content=\"SILO leads the first project with AMTEGA for the definition of sectoral digital twins in Galicia\" \/>\n<meta name=\"robots\" content=\"index, follow, max-snippet:-1, max-image-preview:large, max-video-preview:-1\" \/>\n<link rel=\"canonical\" href=\"https:\/\/www.silocompany.com\/en\/silo-participates-in-the-first-project-with-amtega-for-the-definition-of-sectoral-digital-twins-in-galicia\/\" \/>\n<meta property=\"og:locale\" content=\"en_US\" \/>\n<meta property=\"og:type\" content=\"article\" \/>\n<meta property=\"og:title\" content=\"SILO participates in the first project with AMTEGA for the definition of sectoral digital twins in Galicia | Silo Company\" \/>\n<meta property=\"og:description\" content=\"SILO leads the first project with AMTEGA for the definition of sectoral digital twins in Galicia\" \/>\n<meta property=\"og:url\" content=\"https:\/\/www.silocompany.com\/en\/silo-participates-in-the-first-project-with-amtega-for-the-definition-of-sectoral-digital-twins-in-galicia\/\" \/>\n<meta property=\"og:site_name\" content=\"Silo Company\" \/>\n<meta property=\"article:published_time\" content=\"2025-05-28T16:14:33+00:00\" \/>\n<meta property=\"og:image\" content=\"https:\/\/www.silocompany.com\/wp-content\/uploads\/2025\/10\/gemelo-digital.jpg\" \/>\n\t<meta property=\"og:image:width\" content=\"1435\" \/>\n\t<meta property=\"og:image:height\" content=\"700\" \/>\n\t<meta property=\"og:image:type\" content=\"image\/jpeg\" \/>\n<meta name=\"author\" content=\"silowp\" \/>\n<meta name=\"twitter:card\" content=\"summary_large_image\" \/>\n<meta name=\"twitter:label1\" content=\"Written by\" \/>\n\t<meta name=\"twitter:data1\" content=\"silowp\" \/>\n\t<meta name=\"twitter:label2\" content=\"Est. reading time\" \/>\n\t<meta name=\"twitter:data2\" content=\"1 minute\" \/>\n<script type=\"application\/ld+json\" class=\"yoast-schema-graph\">{\"@context\":\"https:\\\/\\\/schema.org\",\"@graph\":[{\"@type\":\"Article\",\"@id\":\"https:\\\/\\\/www.silocompany.com\\\/en\\\/silo-participates-in-the-first-project-with-amtega-for-the-definition-of-sectoral-digital-twins-in-galicia\\\/#article\",\"isPartOf\":{\"@id\":\"https:\\\/\\\/www.silocompany.com\\\/en\\\/silo-participates-in-the-first-project-with-amtega-for-the-definition-of-sectoral-digital-twins-in-galicia\\\/\"},\"author\":{\"name\":\"silowp\",\"@id\":\"https:\\\/\\\/www.silocompany.com\\\/#\\\/schema\\\/person\\\/cd40b49b410da874e852b177d123368b\"},\"headline\":\"SILO participates in the first project with AMTEGA for the definition of sectoral digital twins in Galicia\",\"datePublished\":\"2025-05-28T16:14:33+00:00\",\"mainEntityOfPage\":{\"@id\":\"https:\\\/\\\/www.silocompany.com\\\/en\\\/silo-participates-in-the-first-project-with-amtega-for-the-definition-of-sectoral-digital-twins-in-galicia\\\/\"},\"wordCount\":276,\"publisher\":{\"@id\":\"https:\\\/\\\/www.silocompany.com\\\/#organization\"},\"image\":{\"@id\":\"https:\\\/\\\/www.silocompany.com\\\/en\\\/silo-participates-in-the-first-project-with-amtega-for-the-definition-of-sectoral-digital-twins-in-galicia\\\/#primaryimage\"},\"thumbnailUrl\":\"https:\\\/\\\/www.silocompany.com\\\/wp-content\\\/uploads\\\/2025\\\/10\\\/gemelo-digital.jpg\",\"keywords\":[\"Castilla-La Mancha\",\"health\"],\"articleSection\":[\"Updates\"],\"inLanguage\":\"en-US\"},{\"@type\":\"WebPage\",\"@id\":\"https:\\\/\\\/www.silocompany.com\\\/en\\\/silo-participates-in-the-first-project-with-amtega-for-the-definition-of-sectoral-digital-twins-in-galicia\\\/\",\"url\":\"https:\\\/\\\/www.silocompany.com\\\/en\\\/silo-participates-in-the-first-project-with-amtega-for-the-definition-of-sectoral-digital-twins-in-galicia\\\/\",\"name\":\"SILO participates in the first project with AMTEGA for the definition of sectoral digital twins in Galicia | Silo Company\",\"isPartOf\":{\"@id\":\"https:\\\/\\\/www.silocompany.com\\\/#website\"},\"primaryImageOfPage\":{\"@id\":\"https:\\\/\\\/www.silocompany.com\\\/en\\\/silo-participates-in-the-first-project-with-amtega-for-the-definition-of-sectoral-digital-twins-in-galicia\\\/#primaryimage\"},\"image\":{\"@id\":\"https:\\\/\\\/www.silocompany.com\\\/en\\\/silo-participates-in-the-first-project-with-amtega-for-the-definition-of-sectoral-digital-twins-in-galicia\\\/#primaryimage\"},\"thumbnailUrl\":\"https:\\\/\\\/www.silocompany.com\\\/wp-content\\\/uploads\\\/2025\\\/10\\\/gemelo-digital.jpg\",\"datePublished\":\"2025-05-28T16:14:33+00:00\",\"description\":\"SILO leads the first project with AMTEGA for the definition of sectoral digital twins in Galicia\",\"breadcrumb\":{\"@id\":\"https:\\\/\\\/www.silocompany.com\\\/en\\\/silo-participates-in-the-first-project-with-amtega-for-the-definition-of-sectoral-digital-twins-in-galicia\\\/#breadcrumb\"},\"inLanguage\":\"en-US\",\"potentialAction\":[{\"@type\":\"ReadAction\",\"target\":[\"https:\\\/\\\/www.silocompany.com\\\/en\\\/silo-participates-in-the-first-project-with-amtega-for-the-definition-of-sectoral-digital-twins-in-galicia\\\/\"]}]},{\"@type\":\"ImageObject\",\"inLanguage\":\"en-US\",\"@id\":\"https:\\\/\\\/www.silocompany.com\\\/en\\\/silo-participates-in-the-first-project-with-amtega-for-the-definition-of-sectoral-digital-twins-in-galicia\\\/#primaryimage\",\"url\":\"https:\\\/\\\/www.silocompany.com\\\/wp-content\\\/uploads\\\/2025\\\/10\\\/gemelo-digital.jpg\",\"contentUrl\":\"https:\\\/\\\/www.silocompany.com\\\/wp-content\\\/uploads\\\/2025\\\/10\\\/gemelo-digital.jpg\",\"width\":1435,\"height\":700,\"caption\":\"SILO lidera el primer proyecto con AMTEGA para la definici\u00f3n de gemelos digitales sectoriales en Galicia\"},{\"@type\":\"BreadcrumbList\",\"@id\":\"https:\\\/\\\/www.silocompany.com\\\/en\\\/silo-participates-in-the-first-project-with-amtega-for-the-definition-of-sectoral-digital-twins-in-galicia\\\/#breadcrumb\",\"itemListElement\":[{\"@type\":\"ListItem\",\"position\":1,\"name\":\"Home\",\"item\":\"https:\\\/\\\/www.silocompany.com\\\/en\\\/\"},{\"@type\":\"ListItem\",\"position\":2,\"name\":\"SILO participates in the first project with AMTEGA for the definition of sectoral digital twins in Galicia\"}]},{\"@type\":\"WebSite\",\"@id\":\"https:\\\/\\\/www.silocompany.com\\\/#website\",\"url\":\"https:\\\/\\\/www.silocompany.com\\\/\",\"name\":\"Silo Company\",\"description\":\"Firma especializada en colaboraci\u00f3n p\u00fablico-privada para la innovaci\u00f3n\",\"publisher\":{\"@id\":\"https:\\\/\\\/www.silocompany.com\\\/#organization\"},\"alternateName\":\"Science & Innovation Link\",\"potentialAction\":[{\"@type\":\"SearchAction\",\"target\":{\"@type\":\"EntryPoint\",\"urlTemplate\":\"https:\\\/\\\/www.silocompany.com\\\/?s={search_term_string}\"},\"query-input\":{\"@type\":\"PropertyValueSpecification\",\"valueRequired\":true,\"valueName\":\"search_term_string\"}}],\"inLanguage\":\"en-US\"},{\"@type\":\"Organization\",\"@id\":\"https:\\\/\\\/www.silocompany.com\\\/#organization\",\"name\":\"Silo Company\",\"alternateName\":\"Science & Innovation Link\",\"url\":\"https:\\\/\\\/www.silocompany.com\\\/\",\"logo\":{\"@type\":\"ImageObject\",\"inLanguage\":\"en-US\",\"@id\":\"https:\\\/\\\/www.silocompany.com\\\/#\\\/schema\\\/logo\\\/image\\\/\",\"url\":\"https:\\\/\\\/www.silocompany.com\\\/wp-content\\\/uploads\\\/2025\\\/01\\\/silo-logo.webp\",\"contentUrl\":\"https:\\\/\\\/www.silocompany.com\\\/wp-content\\\/uploads\\\/2025\\\/01\\\/silo-logo.webp\",\"width\":198,\"height\":98,\"caption\":\"Silo Company\"},\"image\":{\"@id\":\"https:\\\/\\\/www.silocompany.com\\\/#\\\/schema\\\/logo\\\/image\\\/\"},\"sameAs\":[\"https:\\\/\\\/www.linkedin.com\\\/company\\\/scienceinnovationlinkoffice\\\/\"]},{\"@type\":\"Person\",\"@id\":\"https:\\\/\\\/www.silocompany.com\\\/#\\\/schema\\\/person\\\/cd40b49b410da874e852b177d123368b\",\"name\":\"silowp\",\"image\":{\"@type\":\"ImageObject\",\"inLanguage\":\"en-US\",\"@id\":\"https:\\\/\\\/secure.gravatar.com\\\/avatar\\\/80db74ffb4beb0be788543a1f45b29875710fd2c515220ced2e80bde3709de50?s=96&d=mm&r=g\",\"url\":\"https:\\\/\\\/secure.gravatar.com\\\/avatar\\\/80db74ffb4beb0be788543a1f45b29875710fd2c515220ced2e80bde3709de50?s=96&d=mm&r=g\",\"contentUrl\":\"https:\\\/\\\/secure.gravatar.com\\\/avatar\\\/80db74ffb4beb0be788543a1f45b29875710fd2c515220ced2e80bde3709de50?s=96&d=mm&r=g\",\"caption\":\"silowp\"},\"sameAs\":[\"https:\\\/\\\/www.silocompany.com\"],\"url\":\"https:\\\/\\\/www.silocompany.com\\\/en\\\/author\\\/silowp\\\/\"}]}<\/script>\n<!-- \/ Yoast SEO plugin. -->","yoast_head_json":{"title":"SILO participates in the first project with AMTEGA for the definition of sectoral digital twins in Galicia | Silo Company","description":"SILO leads the first project with AMTEGA for the definition of sectoral digital twins in Galicia","robots":{"index":"index","follow":"follow","max-snippet":"max-snippet:-1","max-image-preview":"max-image-preview:large","max-video-preview":"max-video-preview:-1"},"canonical":"https:\/\/www.silocompany.com\/en\/silo-participates-in-the-first-project-with-amtega-for-the-definition-of-sectoral-digital-twins-in-galicia\/","og_locale":"en_US","og_type":"article","og_title":"SILO participates in the first project with AMTEGA for the definition of sectoral digital twins in Galicia | Silo Company","og_description":"SILO leads the first project with AMTEGA for the definition of sectoral digital twins in Galicia","og_url":"https:\/\/www.silocompany.com\/en\/silo-participates-in-the-first-project-with-amtega-for-the-definition-of-sectoral-digital-twins-in-galicia\/","og_site_name":"Silo Company","article_published_time":"2025-05-28T16:14:33+00:00","og_image":[{"width":1435,"height":700,"url":"https:\/\/www.silocompany.com\/wp-content\/uploads\/2025\/10\/gemelo-digital.jpg","type":"image\/jpeg"}],"author":"silowp","twitter_card":"summary_large_image","twitter_misc":{"Written by":"silowp","Est. reading time":"1 minute"},"schema":{"@context":"https:\/\/schema.org","@graph":[{"@type":"Article","@id":"https:\/\/www.silocompany.com\/en\/silo-participates-in-the-first-project-with-amtega-for-the-definition-of-sectoral-digital-twins-in-galicia\/#article","isPartOf":{"@id":"https:\/\/www.silocompany.com\/en\/silo-participates-in-the-first-project-with-amtega-for-the-definition-of-sectoral-digital-twins-in-galicia\/"},"author":{"name":"silowp","@id":"https:\/\/www.silocompany.com\/#\/schema\/person\/cd40b49b410da874e852b177d123368b"},"headline":"SILO participates in the first project with AMTEGA for the definition of sectoral digital twins in Galicia","datePublished":"2025-05-28T16:14:33+00:00","mainEntityOfPage":{"@id":"https:\/\/www.silocompany.com\/en\/silo-participates-in-the-first-project-with-amtega-for-the-definition-of-sectoral-digital-twins-in-galicia\/"},"wordCount":276,"publisher":{"@id":"https:\/\/www.silocompany.com\/#organization"},"image":{"@id":"https:\/\/www.silocompany.com\/en\/silo-participates-in-the-first-project-with-amtega-for-the-definition-of-sectoral-digital-twins-in-galicia\/#primaryimage"},"thumbnailUrl":"https:\/\/www.silocompany.com\/wp-content\/uploads\/2025\/10\/gemelo-digital.jpg","keywords":["Castilla-La Mancha","health"],"articleSection":["Updates"],"inLanguage":"en-US"},{"@type":"WebPage","@id":"https:\/\/www.silocompany.com\/en\/silo-participates-in-the-first-project-with-amtega-for-the-definition-of-sectoral-digital-twins-in-galicia\/","url":"https:\/\/www.silocompany.com\/en\/silo-participates-in-the-first-project-with-amtega-for-the-definition-of-sectoral-digital-twins-in-galicia\/","name":"SILO participates in the first project with AMTEGA for the definition of sectoral digital twins in Galicia | Silo Company","isPartOf":{"@id":"https:\/\/www.silocompany.com\/#website"},"primaryImageOfPage":{"@id":"https:\/\/www.silocompany.com\/en\/silo-participates-in-the-first-project-with-amtega-for-the-definition-of-sectoral-digital-twins-in-galicia\/#primaryimage"},"image":{"@id":"https:\/\/www.silocompany.com\/en\/silo-participates-in-the-first-project-with-amtega-for-the-definition-of-sectoral-digital-twins-in-galicia\/#primaryimage"},"thumbnailUrl":"https:\/\/www.silocompany.com\/wp-content\/uploads\/2025\/10\/gemelo-digital.jpg","datePublished":"2025-05-28T16:14:33+00:00","description":"SILO leads the first project with AMTEGA for the definition of sectoral digital twins in Galicia","breadcrumb":{"@id":"https:\/\/www.silocompany.com\/en\/silo-participates-in-the-first-project-with-amtega-for-the-definition-of-sectoral-digital-twins-in-galicia\/#breadcrumb"},"inLanguage":"en-US","potentialAction":[{"@type":"ReadAction","target":["https:\/\/www.silocompany.com\/en\/silo-participates-in-the-first-project-with-amtega-for-the-definition-of-sectoral-digital-twins-in-galicia\/"]}]},{"@type":"ImageObject","inLanguage":"en-US","@id":"https:\/\/www.silocompany.com\/en\/silo-participates-in-the-first-project-with-amtega-for-the-definition-of-sectoral-digital-twins-in-galicia\/#primaryimage","url":"https:\/\/www.silocompany.com\/wp-content\/uploads\/2025\/10\/gemelo-digital.jpg","contentUrl":"https:\/\/www.silocompany.com\/wp-content\/uploads\/2025\/10\/gemelo-digital.jpg","width":1435,"height":700,"caption":"SILO lidera el primer proyecto con AMTEGA para la definici\u00f3n de gemelos digitales sectoriales en Galicia"},{"@type":"BreadcrumbList","@id":"https:\/\/www.silocompany.com\/en\/silo-participates-in-the-first-project-with-amtega-for-the-definition-of-sectoral-digital-twins-in-galicia\/#breadcrumb","itemListElement":[{"@type":"ListItem","position":1,"name":"Home","item":"https:\/\/www.silocompany.com\/en\/"},{"@type":"ListItem","position":2,"name":"SILO participates in the first project with AMTEGA for the definition of sectoral digital twins in Galicia"}]},{"@type":"WebSite","@id":"https:\/\/www.silocompany.com\/#website","url":"https:\/\/www.silocompany.com\/","name":"Silo Company","description":"Firma especializada en colaboraci\u00f3n p\u00fablico-privada para la innovaci\u00f3n","publisher":{"@id":"https:\/\/www.silocompany.com\/#organization"},"alternateName":"Science & Innovation Link","potentialAction":[{"@type":"SearchAction","target":{"@type":"EntryPoint","urlTemplate":"https:\/\/www.silocompany.com\/?s={search_term_string}"},"query-input":{"@type":"PropertyValueSpecification","valueRequired":true,"valueName":"search_term_string"}}],"inLanguage":"en-US"},{"@type":"Organization","@id":"https:\/\/www.silocompany.com\/#organization","name":"Silo Company","alternateName":"Science & Innovation Link","url":"https:\/\/www.silocompany.com\/","logo":{"@type":"ImageObject","inLanguage":"en-US","@id":"https:\/\/www.silocompany.com\/#\/schema\/logo\/image\/","url":"https:\/\/www.silocompany.com\/wp-content\/uploads\/2025\/01\/silo-logo.webp","contentUrl":"https:\/\/www.silocompany.com\/wp-content\/uploads\/2025\/01\/silo-logo.webp","width":198,"height":98,"caption":"Silo Company"},"image":{"@id":"https:\/\/www.silocompany.com\/#\/schema\/logo\/image\/"},"sameAs":["https:\/\/www.linkedin.com\/company\/scienceinnovationlinkoffice\/"]},{"@type":"Person","@id":"https:\/\/www.silocompany.com\/#\/schema\/person\/cd40b49b410da874e852b177d123368b","name":"silowp","image":{"@type":"ImageObject","inLanguage":"en-US","@id":"https:\/\/secure.gravatar.com\/avatar\/80db74ffb4beb0be788543a1f45b29875710fd2c515220ced2e80bde3709de50?s=96&d=mm&r=g","url":"https:\/\/secure.gravatar.com\/avatar\/80db74ffb4beb0be788543a1f45b29875710fd2c515220ced2e80bde3709de50?s=96&d=mm&r=g","contentUrl":"https:\/\/secure.gravatar.com\/avatar\/80db74ffb4beb0be788543a1f45b29875710fd2c515220ced2e80bde3709de50?s=96&d=mm&r=g","caption":"silowp"},"sameAs":["https:\/\/www.silocompany.com"],"url":"https:\/\/www.silocompany.com\/en\/author\/silowp\/"}]}},"_links":{"self":[{"href":"https:\/\/www.silocompany.com\/en\/wp-json\/wp\/v2\/posts\/3041","targetHints":{"allow":["GET"]}}],"collection":[{"href":"https:\/\/www.silocompany.com\/en\/wp-json\/wp\/v2\/posts"}],"about":[{"href":"https:\/\/www.silocompany.com\/en\/wp-json\/wp\/v2\/types\/post"}],"author":[{"embeddable":true,"href":"https:\/\/www.silocompany.com\/en\/wp-json\/wp\/v2\/users\/1"}],"replies":[{"embeddable":true,"href":"https:\/\/www.silocompany.com\/en\/wp-json\/wp\/v2\/comments?post=3041"}],"version-history":[{"count":0,"href":"https:\/\/www.silocompany.com\/en\/wp-json\/wp\/v2\/posts\/3041\/revisions"}],"wp:featuredmedia":[{"embeddable":true,"href":"https:\/\/www.silocompany.com\/en\/wp-json\/wp\/v2\/media\/2959"}],"wp:attachment":[{"href":"https:\/\/www.silocompany.com\/en\/wp-json\/wp\/v2\/media?parent=3041"}],"wp:term":[{"taxonomy":"category","embeddable":true,"href":"https:\/\/www.silocompany.com\/en\/wp-json\/wp\/v2\/categories?post=3041"},{"taxonomy":"post_tag","embeddable":true,"href":"https:\/\/www.silocompany.com\/en\/wp-json\/wp\/v2\/tags?post=3041"}],"curies":[{"name":"wp","href":"https:\/\/api.w.org\/{rel}","templated":true}]}}